{"id":755,"date":"2022-03-01T22:45:00","date_gmt":"2022-03-01T22:45:00","guid":{"rendered":"http:\/\/www.ukrainakids.se\/?p=755"},"modified":"2022-03-13T15:47:36","modified_gmt":"2022-03-13T15:47:36","slug":"situationen","status":"publish","type":"post","link":"https:\/\/www.ukrainakids.se\/en\/2022\/03\/01\/situationen\/","title":{"rendered":"The situation"},"content":{"rendered":"<p>New update on the situation with the evacuation of orphans and the family. Roman, the founder of the orphanage, recently gave us the following information.<\/p>\n\n\n\n<p>Dear friends.<br>Thank you so much, sincerely, thank you so much for not leaving us or Ukraine during this difficult time! With your help, we evacuated 157 orphans between the ages of 1 and 17 to Freiburg. These are children who have grown up in their father's house and the state orphanage in the village of Kopyliv. <\/p>\n\n\n\n<p>We managed to get them out in time, because literally the next day Kopyliv was occupied by Russian soldiers, and the Father's house came under fire and attacked Russian troops against Kyiv. The second wave was the evacuation of 7 family-type orphanages to Poland (70 children and 14 adults). We are now preparing to continue the evacuation with a total of 112 orphaned children and families from Freiburg to Sweden in the near future.<\/p>\n\n\n\n<figure class=\"wp-block-image size-large\"><img loading=\"lazy\" width=\"1024\" height=\"768\" src=\"http:\/\/www.ukrainakids.se\/wp-content\/uploads\/2022\/03\/274624660_5027125240678717_6057577992795729978_n-1024x768.jpg\" alt=\"\" class=\"wp-image-756\" srcset=\"https:\/\/www.ukrainakids.se\/wp-content\/uploads\/2022\/03\/274624660_5027125240678717_6057577992795729978_n-1024x768.jpg 1024w, https:\/\/www.ukrainakids.se\/wp-content\/uploads\/2022\/03\/274624660_5027125240678717_6057577992795729978_n-300x225.jpg 300w, https:\/\/www.ukrainakids.se\/wp-content\/uploads\/2022\/03\/274624660_5027125240678717_6057577992795729978_n-768x576.jpg 768w, https:\/\/www.ukrainakids.se\/wp-content\/uploads\/2022\/03\/274624660_5027125240678717_6057577992795729978_n-16x12.jpg 16w, https:\/\/www.ukrainakids.se\/wp-content\/uploads\/2022\/03\/274624660_5027125240678717_6057577992795729978_n-1140x855.jpg 1140w, https:\/\/www.ukrainakids.se\/wp-content\/uploads\/2022\/03\/274624660_5027125240678717_6057577992795729978_n.jpg 1280w\" sizes=\"(max-width: 1024px) 100vw, 1024px\" \/><\/figure>","protected":false},"excerpt":{"rendered":"<p>Ny uppdatering om l\u00e4get med evakueringen av f\u00f6r\u00e4ldral\u00f6sa barn och familjen. Roman, grundaren av barnhemmet har f\u00f6r en liten stund sedan gett oss f\u00f6ljande information. K\u00e4ra v\u00e4nner.Tack s\u00e5 mycket, uppriktigt, tack s\u00e5 mycket f\u00f6r att du inte l\u00e4mnade oss eller Ukraina under denna sv\u00e5ra tid! Med din hj\u00e4lp evakuerade vi 157 f\u00f6r\u00e4ldral\u00f6sa barn mellan 1 och 17 \u00e5r till Freiburg. Det \u00e4r barn som har vuxit upp i faderns hus och det statliga barnhemmet i byn Kopyliv. Vi lyckades ta ut dem i tid, f\u00f6r bokstavligen n\u00e4sta dag ockuperades Kopyliv av ryska soldater, och Faderns hus hamnade under eld och attackerade ryska trupper mot Kiev. Den andra v\u00e5gen var evakueringen av 7 barnhem av familjetyp till Polen (70 barn och 14 vuxna). Nu f\u00f6rbereder vi att forts\u00e4tta evakueringen med sammanlagt 112 f\u00f6r\u00e4ldral\u00f6sa barn och familjer fr\u00e5n Freiburg till Sverige inom en snar framtid.<\/p>","protected":false},"author":1,"featured_media":0,"comment_status":"open","ping_status":"open","sticky":false,"template":"","format":"standard","meta":[],"categories":[3],"tags":[],"_links":{"self":[{"href":"https:\/\/www.ukrainakids.se\/en\/wp-json\/wp\/v2\/posts\/755"}],"collection":[{"href":"https:\/\/www.ukrainakids.se\/en\/wp-json\/wp\/v2\/posts"}],"about":[{"href":"https:\/\/www.ukrainakids.se\/en\/wp-json\/wp\/v2\/types\/post"}],"author":[{"embeddable":true,"href":"https:\/\/www.ukrainakids.se\/en\/wp-json\/wp\/v2\/users\/1"}],"replies":[{"embeddable":true,"href":"https:\/\/www.ukrainakids.se\/en\/wp-json\/wp\/v2\/comments?post=755"}],"version-history":[{"count":1,"href":"https:\/\/www.ukrainakids.se\/en\/wp-json\/wp\/v2\/posts\/755\/revisions"}],"predecessor-version":[{"id":757,"href":"https:\/\/www.ukrainakids.se\/en\/wp-json\/wp\/v2\/posts\/755\/revisions\/757"}],"wp:attachment":[{"href":"https:\/\/www.ukrainakids.se\/en\/wp-json\/wp\/v2\/media?parent=755"}],"wp:term":[{"taxonomy":"category","embeddable":true,"href":"https:\/\/www.ukrainakids.se\/en\/wp-json\/wp\/v2\/categories?post=755"},{"taxonomy":"post_tag","embeddable":true,"href":"https:\/\/www.ukrainakids.se\/en\/wp-json\/wp\/v2\/tags?post=755"}],"curies":[{"name":"wp","href":"https:\/\/api.w.org\/{rel}","templated":true}]}}